{"id":87,"date":"2024-09-29T15:10:59","date_gmt":"2024-09-29T13:10:59","guid":{"rendered":"http:\/\/latroop.fr\/?p=87"},"modified":"2024-09-29T15:11:52","modified_gmt":"2024-09-29T13:11:52","slug":"soiree-organisee-pas-le-lions-club-de-tournefeuille-au-profit-de-enfants-cancers-sante","status":"publish","type":"post","link":"https:\/\/latroop.fr\/index.php\/2024\/09\/29\/soiree-organisee-pas-le-lions-club-de-tournefeuille-au-profit-de-enfants-cancers-sante\/","title":{"rendered":"Soir\u00e9e organis\u00e9e par le Lions Club de Tournefeuille au profit de &#8220;Enfants, Cancers, Sant\u00e9&#8221;"},"content":{"rendered":"<div class=\"wp-block-image\">\n<figure class=\"alignright size-full\"><img loading=\"lazy\" decoding=\"async\" width=\"320\" height=\"480\" src=\"http:\/\/latroop.fr\/wp-content\/uploads\/2024\/09\/Affiche_tournefeuille_07_11_2015.png\" alt=\"\" class=\"wp-image-75\" srcset=\"https:\/\/latroop.fr\/wp-content\/uploads\/2024\/09\/Affiche_tournefeuille_07_11_2015.png 320w, https:\/\/latroop.fr\/wp-content\/uploads\/2024\/09\/Affiche_tournefeuille_07_11_2015-200x300.png 200w\" sizes=\"auto, (max-width: 320px) 100vw, 320px\" \/><\/figure>\n<\/div>\n\n\n<p class=\"has-text-align-center\" style=\"font-size:25px\"><strong>Samedi 7 novembre 2015<\/strong><\/p>\n\n\n\n<p>Rendez-vous \u00e0 la salle &#8220;Le Phare&#8221; de Tournefeuille (voir <a href=\"https:\/\/www.google.fr\/maps\/place\/Le+Phare\/@43.5767693,1.3234515,15z\/data=!4m6!3m5!1s0x12aeb118490ed107:0x55181a17b4e1a419!8m2!3d43.5737758!4d1.3195579!16s%2Fg%2F11ckkxr8qd?entry=ttu&amp;g_ep=EgoyMDI0MDkyNS4wIKXMDSoASAFQAw%3D%3D\">plan<\/a>)<br>Ouverture de la salle : 19h30<br>D\u00e9but du spectacle : 20h30<\/p>\n\n\n\n<p>Tarif plein : 15 \u20ac<br>Tarif r\u00e9duit : 7 \u20ac<\/p>\n\n\n\n<p>Billetterie et r\u00e9servations : <a href=\"https:\/\/www.fnacspectacles.com\/place-spectacle\/manifestation\/Chant-choral-LA-TROOP-FAIT-SON-SHOW-Y129F.htm#\/disponibilite\/ca97be80c0a828103f7980150af4fa3d\/normale\">Fnac billetterie<\/a> et Carrefour spectacle<\/p>\n","protected":false},"excerpt":{"rendered":"<p>Samedi 7 novembre 2015 Rendez-vous \u00e0 la salle &#8220;Le Phare&#8221; de Tournefeuille (voir plan)Ouverture de la salle : 19h30D\u00e9but du spectacle : 20h30 Tarif plein : 15 \u20acTarif r\u00e9duit : 7 \u20ac Billetterie et r\u00e9servations : Fnac billetterie et Carrefour spectacle<\/p>\n","protected":false},"author":1,"featured_media":0,"comment_status":"open","ping_status":"open","sticky":false,"template":"","format":"standard","meta":{"footnotes":""},"categories":[3],"tags":[],"class_list":["post-87","post","type-post","status-publish","format-standard","hentry","category-agenda"],"_links":{"self":[{"href":"https:\/\/latroop.fr\/index.php\/wp-json\/wp\/v2\/posts\/87","targetHints":{"allow":["GET"]}}],"collection":[{"href":"https:\/\/latroop.fr\/index.php\/wp-json\/wp\/v2\/posts"}],"about":[{"href":"https:\/\/latroop.fr\/index.php\/wp-json\/wp\/v2\/types\/post"}],"author":[{"embeddable":true,"href":"https:\/\/latroop.fr\/index.php\/wp-json\/wp\/v2\/users\/1"}],"replies":[{"embeddable":true,"href":"https:\/\/latroop.fr\/index.php\/wp-json\/wp\/v2\/comments?post=87"}],"version-history":[{"count":2,"href":"https:\/\/latroop.fr\/index.php\/wp-json\/wp\/v2\/posts\/87\/revisions"}],"predecessor-version":[{"id":89,"href":"https:\/\/latroop.fr\/index.php\/wp-json\/wp\/v2\/posts\/87\/revisions\/89"}],"wp:attachment":[{"href":"https:\/\/latroop.fr\/index.php\/wp-json\/wp\/v2\/media?parent=87"}],"wp:term":[{"taxonomy":"category","embeddable":true,"href":"https:\/\/latroop.fr\/index.php\/wp-json\/wp\/v2\/categories?post=87"},{"taxonomy":"post_tag","embeddable":true,"href":"https:\/\/latroop.fr\/index.php\/wp-json\/wp\/v2\/tags?post=87"}],"curies":[{"name":"wp","href":"https:\/\/api.w.org\/{rel}","templated":true}]}}