{"id":197,"date":"2024-10-04T13:54:37","date_gmt":"2024-10-04T11:54:37","guid":{"rendered":"http:\/\/latroop.fr\/?p=197"},"modified":"2024-10-04T13:54:37","modified_gmt":"2024-10-04T11:54:37","slug":"la-troop-a-fait-son-show","status":"publish","type":"post","link":"https:\/\/latroop.fr\/index.php\/2024\/10\/04\/la-troop-a-fait-son-show\/","title":{"rendered":"\u00abLa Troop\u00bb a fait son show"},"content":{"rendered":"\n<p>Article publi\u00e9 le 14\/11\/2015 \u2013 Cliquez \u00ab\u00a0<a href=\"https:\/\/www.ladepeche.fr\/article\/2015\/11\/14\/2217215-la-troop-a-fait-son-show.html\">ici<\/a>\u00a0\u00bb pour voir l\u2019article sur le site de La D\u00e9p\u00eache<\/p>\n\n\n\n<figure class=\"wp-block-image size-large\"><img loading=\"lazy\" decoding=\"async\" width=\"1024\" height=\"580\" src=\"http:\/\/latroop.fr\/wp-content\/uploads\/2024\/10\/Image-la-depeche-14112015-1024x580.png\" alt=\"\" class=\"wp-image-198\" srcset=\"https:\/\/latroop.fr\/wp-content\/uploads\/2024\/10\/Image-la-depeche-14112015-1024x580.png 1024w, https:\/\/latroop.fr\/wp-content\/uploads\/2024\/10\/Image-la-depeche-14112015-300x170.png 300w, https:\/\/latroop.fr\/wp-content\/uploads\/2024\/10\/Image-la-depeche-14112015-768x435.png 768w, https:\/\/latroop.fr\/wp-content\/uploads\/2024\/10\/Image-la-depeche-14112015-1536x869.png 1536w, https:\/\/latroop.fr\/wp-content\/uploads\/2024\/10\/Image-la-depeche-14112015-1140x645.png 1140w, https:\/\/latroop.fr\/wp-content\/uploads\/2024\/10\/Image-la-depeche-14112015.png 1696w\" sizes=\"auto, (max-width: 1024px) 100vw, 1024px\" \/><\/figure>\n\n\n\n<p>Samedi 7 novembre, \u00abLa Troop\u00bb a remport\u00e9 un beau succ\u00e8s avec son large r\u00e9pertoire de Piaf \u00e0 Stromae, et surtout fait pass\u00e9 un tr\u00e8s agr\u00e9able moment aux 400 personnes pr\u00e9sentent au Phare.<\/p>\n\n\n\n<p>La soir\u00e9e organis\u00e9e par le Lion&#8217;s Club Tournefeuille, en pr\u00e9sence de Marie-Jeanne Stavrakas leur pr\u00e9sidente, \u00e9tait au b\u00e9n\u00e9fice de l&#8217;association \u00abEnfants, Cancers, Sant\u00e9\u00bb.<\/p>\n\n\n\n<p>Dominique Fouchier Maire de Tournefeuille a fait une allocution.<\/p>\n\n\n\n<p>Il \u00e9tait accompagn\u00e9 d&#8217;H\u00e9l\u00e8ne Desmettre premi\u00e8re adjointe et Fran\u00e7oise Hondagneu d\u00e9l\u00e9gu\u00e9e aux affaires culturelles. Leur pr\u00e9sence a soulign\u00e9 l&#8217;importance de cette action. Marie B\u00e9atrice Bleunven, pr\u00e9sidente de l&#8217;association \u00abEnfants Cancers Sant\u00e9\u00bb a \u00e9galement pris la parole.<\/p>\n\n\n\n<p>Ce fut pour tous une soir\u00e9e caritative r\u00e9ussie car enthousiaste comme toujours, et pleine de bonne humeur.<\/p>\n","protected":false},"excerpt":{"rendered":"<p>Article publi\u00e9 le 14\/11\/2015 \u2013 Cliquez \u00ab\u00a0ici\u00a0\u00bb pour voir l\u2019article sur le site de La D\u00e9p\u00eache Samedi 7 novembre, \u00abLa Troop\u00bb a remport\u00e9 un beau succ\u00e8s avec son large r\u00e9pertoire de Piaf \u00e0 Stromae, et surtout fait pass\u00e9 un tr\u00e8s agr\u00e9able moment aux 400 personnes pr\u00e9sentent au Phare. La soir\u00e9e organis\u00e9e par le Lion&#8217;s Club Tournefeuille, en pr\u00e9sence de Marie-Jeanne Stavrakas leur pr\u00e9sidente, \u00e9tait au b\u00e9n\u00e9fice de l&#8217;association \u00abEnfants, Cancers, Sant\u00e9\u00bb. Dominique Fouchier Maire de Tournefeuille a fait une allocution. Il \u00e9tait accompagn\u00e9 d&#8217;H\u00e9l\u00e8ne Desmettre premi\u00e8re adjointe et Fran\u00e7oise Hondagneu d\u00e9l\u00e9gu\u00e9e aux affaires culturelles. Leur pr\u00e9sence a soulign\u00e9 l&#8217;importance de cette action. Marie B\u00e9atrice Bleunven, pr\u00e9sidente de l&#8217;association \u00abEnfants Cancers Sant\u00e9\u00bb a \u00e9galement pris la parole. Ce fut pour tous une soir\u00e9e caritative r\u00e9ussie car enthousiaste comme toujours, et pleine de bonne humeur.<\/p>\n","protected":false},"author":1,"featured_media":0,"comment_status":"open","ping_status":"open","sticky":false,"template":"","format":"standard","meta":{"footnotes":""},"categories":[5],"tags":[],"class_list":["post-197","post","type-post","status-publish","format-standard","hentry","category-revue-de-presse"],"_links":{"self":[{"href":"https:\/\/latroop.fr\/index.php\/wp-json\/wp\/v2\/posts\/197","targetHints":{"allow":["GET"]}}],"collection":[{"href":"https:\/\/latroop.fr\/index.php\/wp-json\/wp\/v2\/posts"}],"about":[{"href":"https:\/\/latroop.fr\/index.php\/wp-json\/wp\/v2\/types\/post"}],"author":[{"embeddable":true,"href":"https:\/\/latroop.fr\/index.php\/wp-json\/wp\/v2\/users\/1"}],"replies":[{"embeddable":true,"href":"https:\/\/latroop.fr\/index.php\/wp-json\/wp\/v2\/comments?post=197"}],"version-history":[{"count":1,"href":"https:\/\/latroop.fr\/index.php\/wp-json\/wp\/v2\/posts\/197\/revisions"}],"predecessor-version":[{"id":199,"href":"https:\/\/latroop.fr\/index.php\/wp-json\/wp\/v2\/posts\/197\/revisions\/199"}],"wp:attachment":[{"href":"https:\/\/latroop.fr\/index.php\/wp-json\/wp\/v2\/media?parent=197"}],"wp:term":[{"taxonomy":"category","embeddable":true,"href":"https:\/\/latroop.fr\/index.php\/wp-json\/wp\/v2\/categories?post=197"},{"taxonomy":"post_tag","embeddable":true,"href":"https:\/\/latroop.fr\/index.php\/wp-json\/wp\/v2\/tags?post=197"}],"curies":[{"name":"wp","href":"https:\/\/api.w.org\/{rel}","templated":true}]}}