{"id":176,"date":"2024-09-29T22:42:19","date_gmt":"2024-09-29T20:42:19","guid":{"rendered":"http:\/\/latroop.fr\/?p=176"},"modified":"2024-09-29T22:42:19","modified_gmt":"2024-09-29T20:42:19","slug":"coquelicot-avec-la-troop-un-spectacle-solidaire","status":"publish","type":"post","link":"https:\/\/latroop.fr\/index.php\/2024\/09\/29\/coquelicot-avec-la-troop-un-spectacle-solidaire\/","title":{"rendered":"Coquelicot avec La Troop&#8217; : Un spectacle solidaire"},"content":{"rendered":"\n<p>Article publi\u00e9 le 18\/10\/2019 \u2013 Cliquez \u00ab\u00a0<a href=\"https:\/\/www.ladepeche.fr\/2019\/10\/18\/coquelicot-avec-la-troop-un-spectacle-solidaire,8487709.php\">ici<\/a>\u00a0\u00bb pour voir l\u2019article sur le site de La D\u00e9p\u00eache<\/p>\n\n\n\n<figure class=\"wp-block-image size-large\"><img loading=\"lazy\" decoding=\"async\" width=\"1024\" height=\"578\" src=\"http:\/\/latroop.fr\/wp-content\/uploads\/2024\/09\/Image-la-depeche-18102019-1024x578.png\" alt=\"\" class=\"wp-image-177\" srcset=\"https:\/\/latroop.fr\/wp-content\/uploads\/2024\/09\/Image-la-depeche-18102019-1024x578.png 1024w, https:\/\/latroop.fr\/wp-content\/uploads\/2024\/09\/Image-la-depeche-18102019-300x169.png 300w, https:\/\/latroop.fr\/wp-content\/uploads\/2024\/09\/Image-la-depeche-18102019-768x433.png 768w, https:\/\/latroop.fr\/wp-content\/uploads\/2024\/09\/Image-la-depeche-18102019-1536x866.png 1536w, https:\/\/latroop.fr\/wp-content\/uploads\/2024\/09\/Image-la-depeche-18102019-1140x643.png 1140w, https:\/\/latroop.fr\/wp-content\/uploads\/2024\/09\/Image-la-depeche-18102019.png 1702w\" sizes=\"auto, (max-width: 1024px) 100vw, 1024px\" \/><\/figure>\n\n\n\n<p>La derni\u00e8re soir\u00e9e organis\u00e9e au profit de Coquelicot vient d&#8217;avoir lieu salle All\u00e9gora.<\/p>\n\n\n\n<p>L&#8217;association existe depuis plus de 15 ans et r\u00e9colte des fonds pour am\u00e9liorer le quotidien des enfants hospitalis\u00e9s \u00e0 Purpan pour un cancer ou une leuc\u00e9mie.<\/p>\n\n\n\n<p>\u00abPar choix nous n&#8217;intervenons pas nous-m\u00eames dans l&#8217;h\u00f4pital mais par l&#8217;interm\u00e9diaire de l&#8217;AP\u00c9CO, association r\u00e9f\u00e9rente du service. Elle travaille, en effet, en collaboration avec les \u00e9quipes m\u00e9dicales et coordonne les actions b\u00e9n\u00e9voles men\u00e9es dans le service\u00bb Expliquait Isabelle, pr\u00e9sident de l&#8217;association.<\/p>\n\n\n\n<p>Les sommes r\u00e9colt\u00e9es par Coquelicot lors des diff\u00e9rentes rencontres ont permis l&#8217;an dernier d&#8217;offrir des livres dans le service pour les moments lecture de contes par des b\u00e9n\u00e9voles, de financer des ateliers cuisine pour les enfants, d&#8217;offrir du mat\u00e9riel p\u00e9dagogique \u00e0 l&#8217;\u00e9cole du service, de financer une partie du projet socio- esth\u00e9tique \u00e0 destination des ados ou encore de financer une partie du salaire d&#8217;une \u00e9ducatrice\u2026 D&#8217;autres actions participent \u00e9galement au financement de voyages comme \u00e0 Marineland ou au salon du Bourget par exemple.<\/p>\n\n\n\n<h2 class=\"wp-block-heading\">Une animation en cache une autre<\/h2>\n\n\n\n<p>Les fonds remis \u00e0 l&#8217;Ap\u00e9co proviennent de manifestations organis\u00e9es par Coquelicot sur Auterive comme le spectacle avec \u00abLa Troop\u00bb de ce samedi ou encore La F\u00eate des Fleurs en avril.<\/p>\n\n\n\n<p>\u00abPour ce qui est de la Troop\u00bb rappelait la pr\u00e9sidente, \u00abC&#8217;est en 2006 qu&#8217;a eu lieu notre premi\u00e8re collaboration avec et depuis les chanteurs se produisent r\u00e9guli\u00e8rement au profit de Coquelicot. C&#8217;est un tr\u00e8s grand plaisir pour nous de les accueillir \u00e0 chaque fois\u00bb.<\/p>\n\n\n\n<p>Le public a ainsi eu le bonheur d&#8217;assister \u00e0 leur nouveau spectacle, tout en dynamisme et bonne humeur. Ils seront \u00e0 nouveau sur sc\u00e8ne le 30 novembre au Phare \u00e0 Tournefeuille.<\/p>\n\n\n\n<p>Isabelle, au nom de tous les b\u00e9n\u00e9voles qui l&#8217;entourent remerciait la Troop bien s\u00fbr pour leur investissement b\u00e9n\u00e9vole, la municipalit\u00e9 et le service culturel de la ville Julie Max et Audrey, Max, Fred et Romain aux commandes son et lumi\u00e8re, l&#8217;\u00e9quipe s\u00e9curit\u00e9 et bien s\u00fbr le public \u00e0 qui elle donnait rendez-vous le dimanche 17 novembre \u00e0 la m\u00e9diath\u00e8que pour \u00abContes et Ch\u00e2taignes\u00bb, un autre rendez-vous solidaire.<\/p>\n","protected":false},"excerpt":{"rendered":"<p>Article publi\u00e9 le 18\/10\/2019 \u2013 Cliquez \u00ab\u00a0ici\u00a0\u00bb pour voir l\u2019article sur le site de La D\u00e9p\u00eache La derni\u00e8re soir\u00e9e organis\u00e9e au profit de Coquelicot vient d&#8217;avoir lieu salle All\u00e9gora. L&#8217;association existe depuis plus de 15 ans et r\u00e9colte des fonds pour am\u00e9liorer le quotidien des enfants hospitalis\u00e9s \u00e0 Purpan pour un cancer ou une leuc\u00e9mie. \u00abPar choix nous n&#8217;intervenons pas nous-m\u00eames dans l&#8217;h\u00f4pital mais par l&#8217;interm\u00e9diaire de l&#8217;AP\u00c9CO, association r\u00e9f\u00e9rente du service. Elle travaille, en effet, en collaboration avec les \u00e9quipes m\u00e9dicales et coordonne les actions b\u00e9n\u00e9voles men\u00e9es dans le service\u00bb Expliquait Isabelle, pr\u00e9sident de l&#8217;association. Les sommes r\u00e9colt\u00e9es par Coquelicot lors des diff\u00e9rentes rencontres ont permis l&#8217;an dernier d&#8217;offrir des livres dans le service pour les moments lecture de contes par des b\u00e9n\u00e9voles, de financer des ateliers cuisine pour les enfants, d&#8217;offrir du mat\u00e9riel p\u00e9dagogique \u00e0 l&#8217;\u00e9cole du service, de financer une partie du projet socio- esth\u00e9tique \u00e0 destination des ados ou encore de financer une partie du salaire d&#8217;une \u00e9ducatrice\u2026 D&#8217;autres actions participent \u00e9galement au financement de voyages comme \u00e0 Marineland ou au salon du Bourget par exemple. Une animation en cache une autre Les fonds remis \u00e0 l&#8217;Ap\u00e9co proviennent de manifestations organis\u00e9es par Coquelicot sur Auterive comme le spectacle avec \u00abLa Troop\u00bb de ce samedi ou encore La F\u00eate des Fleurs en avril. \u00abPour ce qui est de la Troop\u00bb rappelait la pr\u00e9sidente, \u00abC&#8217;est en 2006 qu&#8217;a eu lieu notre premi\u00e8re collaboration avec et depuis les chanteurs se produisent r\u00e9guli\u00e8rement au profit de Coquelicot. C&#8217;est un tr\u00e8s grand plaisir pour nous de les accueillir \u00e0 chaque fois\u00bb. Le public a ainsi eu le bonheur d&#8217;assister \u00e0 leur nouveau spectacle, tout en dynamisme et bonne humeur. Ils seront \u00e0 nouveau sur sc\u00e8ne le 30 novembre au Phare \u00e0 Tournefeuille. Isabelle, au nom de tous les b\u00e9n\u00e9voles qui l&#8217;entourent remerciait la Troop bien s\u00fbr pour leur investissement b\u00e9n\u00e9vole, la municipalit\u00e9 et le service culturel de la ville Julie Max et Audrey, Max, Fred et Romain aux commandes son et lumi\u00e8re, l&#8217;\u00e9quipe s\u00e9curit\u00e9 et bien s\u00fbr le public \u00e0 qui elle donnait rendez-vous le dimanche 17 novembre \u00e0 la m\u00e9diath\u00e8que pour \u00abContes et Ch\u00e2taignes\u00bb, un autre rendez-vous solidaire.<\/p>\n","protected":false},"author":1,"featured_media":0,"comment_status":"open","ping_status":"open","sticky":false,"template":"","format":"standard","meta":{"footnotes":""},"categories":[5],"tags":[],"class_list":["post-176","post","type-post","status-publish","format-standard","hentry","category-revue-de-presse"],"_links":{"self":[{"href":"https:\/\/latroop.fr\/index.php\/wp-json\/wp\/v2\/posts\/176","targetHints":{"allow":["GET"]}}],"collection":[{"href":"https:\/\/latroop.fr\/index.php\/wp-json\/wp\/v2\/posts"}],"about":[{"href":"https:\/\/latroop.fr\/index.php\/wp-json\/wp\/v2\/types\/post"}],"author":[{"embeddable":true,"href":"https:\/\/latroop.fr\/index.php\/wp-json\/wp\/v2\/users\/1"}],"replies":[{"embeddable":true,"href":"https:\/\/latroop.fr\/index.php\/wp-json\/wp\/v2\/comments?post=176"}],"version-history":[{"count":1,"href":"https:\/\/latroop.fr\/index.php\/wp-json\/wp\/v2\/posts\/176\/revisions"}],"predecessor-version":[{"id":178,"href":"https:\/\/latroop.fr\/index.php\/wp-json\/wp\/v2\/posts\/176\/revisions\/178"}],"wp:attachment":[{"href":"https:\/\/latroop.fr\/index.php\/wp-json\/wp\/v2\/media?parent=176"}],"wp:term":[{"taxonomy":"category","embeddable":true,"href":"https:\/\/latroop.fr\/index.php\/wp-json\/wp\/v2\/categories?post=176"},{"taxonomy":"post_tag","embeddable":true,"href":"https:\/\/latroop.fr\/index.php\/wp-json\/wp\/v2\/tags?post=176"}],"curies":[{"name":"wp","href":"https:\/\/api.w.org\/{rel}","templated":true}]}}