{"id":167,"date":"2024-09-29T22:30:05","date_gmt":"2024-09-29T20:30:05","guid":{"rendered":"http:\/\/latroop.fr\/?p=167"},"modified":"2024-09-29T22:30:05","modified_gmt":"2024-09-29T20:30:05","slug":"blagnac-la-troop-joue-au-profit-des-petits-malades","status":"publish","type":"post","link":"https:\/\/latroop.fr\/index.php\/2024\/09\/29\/blagnac-la-troop-joue-au-profit-des-petits-malades\/","title":{"rendered":"Blagnac. La Troop joue au profit des petits malades"},"content":{"rendered":"\n<p>Article publi\u00e9 le 28\/11\/2019 \u2013 Cliquez \u00ab\u00a0<a href=\"https:\/\/www.ladepeche.fr\/2019\/11\/28\/la-troop-joue-au-profit-des-petits-malades,8568003.php\">ici<\/a>\u00a0\u00bb pour voir l\u2019article sur le site de La D\u00e9p\u00eache<\/p>\n\n\n\n<figure class=\"wp-block-image size-large\"><img loading=\"lazy\" decoding=\"async\" width=\"1024\" height=\"577\" src=\"http:\/\/latroop.fr\/wp-content\/uploads\/2024\/09\/Image-la-depeche-28112019-1024x577.png\" alt=\"\" class=\"wp-image-168\" srcset=\"https:\/\/latroop.fr\/wp-content\/uploads\/2024\/09\/Image-la-depeche-28112019-1024x577.png 1024w, https:\/\/latroop.fr\/wp-content\/uploads\/2024\/09\/Image-la-depeche-28112019-300x169.png 300w, https:\/\/latroop.fr\/wp-content\/uploads\/2024\/09\/Image-la-depeche-28112019-768x432.png 768w, https:\/\/latroop.fr\/wp-content\/uploads\/2024\/09\/Image-la-depeche-28112019-1536x865.png 1536w, https:\/\/latroop.fr\/wp-content\/uploads\/2024\/09\/Image-la-depeche-28112019-1140x642.png 1140w, https:\/\/latroop.fr\/wp-content\/uploads\/2024\/09\/Image-la-depeche-28112019.png 1712w\" sizes=\"auto, (max-width: 1024px) 100vw, 1024px\" \/><\/figure>\n\n\n\n<p>Pour la quatri\u00e8me fois de son histoire, La Troop&#8217; sera en pleine le lumi\u00e8re en se produisant au Phare \u00e0 Tournefeuille, Samedi 30 novembre \u00e0 20h30.<br>L&#8217;association blagnacaise regroupe 11 passionn\u00e9s de musique dont tous les membres ont un nom de sc\u00e8ne.<\/p>\n\n\n\n<p>&#8220;L&#8217;aventure \u00e0 commenc\u00e9 d&#8217;une impulsion entre ami pour aider des jeunes de notre connaissance dont les parents financent eux-m\u00eame le recherche pour les anomalies g\u00e9n\u00e9tiques qui affectaient leurs enfants explique C\u00e9cile (C\u00e9cilia sous les sunlights). Devant ce n\u00e9ant, nous avons cherch\u00e9 des actions qui pourrait permettre de lever des fonds et d\u00e8s 2008 &#8230; <\/p>\n\n\n\n<p><em>Suite de l&#8217;article r\u00e9serv\u00e9 aux abonn\u00e9s de La D\u00e9p\u00eache<\/em><\/p>\n","protected":false},"excerpt":{"rendered":"<p>Article publi\u00e9 le 28\/11\/2019 \u2013 Cliquez \u00ab\u00a0ici\u00a0\u00bb pour voir l\u2019article sur le site de La D\u00e9p\u00eache Pour la quatri\u00e8me fois de son histoire, La Troop&#8217; sera en pleine le lumi\u00e8re en se produisant au Phare \u00e0 Tournefeuille, Samedi 30 novembre \u00e0 20h30.L&#8217;association blagnacaise regroupe 11 passionn\u00e9s de musique dont tous les membres ont un nom de sc\u00e8ne. &#8220;L&#8217;aventure \u00e0 commenc\u00e9 d&#8217;une impulsion entre ami pour aider des jeunes de notre connaissance dont les parents financent eux-m\u00eame le recherche pour les anomalies g\u00e9n\u00e9tiques qui affectaient leurs enfants explique C\u00e9cile (C\u00e9cilia sous les sunlights). Devant ce n\u00e9ant, nous avons cherch\u00e9 des actions qui pourrait permettre de lever des fonds et d\u00e8s 2008 &#8230; Suite de l&#8217;article r\u00e9serv\u00e9 aux abonn\u00e9s de La D\u00e9p\u00eache<\/p>\n","protected":false},"author":1,"featured_media":0,"comment_status":"open","ping_status":"open","sticky":false,"template":"","format":"standard","meta":{"footnotes":""},"categories":[5],"tags":[],"class_list":["post-167","post","type-post","status-publish","format-standard","hentry","category-revue-de-presse"],"_links":{"self":[{"href":"https:\/\/latroop.fr\/index.php\/wp-json\/wp\/v2\/posts\/167","targetHints":{"allow":["GET"]}}],"collection":[{"href":"https:\/\/latroop.fr\/index.php\/wp-json\/wp\/v2\/posts"}],"about":[{"href":"https:\/\/latroop.fr\/index.php\/wp-json\/wp\/v2\/types\/post"}],"author":[{"embeddable":true,"href":"https:\/\/latroop.fr\/index.php\/wp-json\/wp\/v2\/users\/1"}],"replies":[{"embeddable":true,"href":"https:\/\/latroop.fr\/index.php\/wp-json\/wp\/v2\/comments?post=167"}],"version-history":[{"count":1,"href":"https:\/\/latroop.fr\/index.php\/wp-json\/wp\/v2\/posts\/167\/revisions"}],"predecessor-version":[{"id":169,"href":"https:\/\/latroop.fr\/index.php\/wp-json\/wp\/v2\/posts\/167\/revisions\/169"}],"wp:attachment":[{"href":"https:\/\/latroop.fr\/index.php\/wp-json\/wp\/v2\/media?parent=167"}],"wp:term":[{"taxonomy":"category","embeddable":true,"href":"https:\/\/latroop.fr\/index.php\/wp-json\/wp\/v2\/categories?post=167"},{"taxonomy":"post_tag","embeddable":true,"href":"https:\/\/latroop.fr\/index.php\/wp-json\/wp\/v2\/tags?post=167"}],"curies":[{"name":"wp","href":"https:\/\/api.w.org\/{rel}","templated":true}]}}