{"id":149,"date":"2024-09-29T21:59:09","date_gmt":"2024-09-29T19:59:09","guid":{"rendered":"http:\/\/latroop.fr\/?p=149"},"modified":"2024-09-29T21:59:09","modified_gmt":"2024-09-29T19:59:09","slug":"la-depeche-telethon-spectacle-dansant-et-voitures-anciennes","status":"publish","type":"post","link":"https:\/\/latroop.fr\/index.php\/2024\/09\/29\/la-depeche-telethon-spectacle-dansant-et-voitures-anciennes\/","title":{"rendered":"La d\u00e9p\u00eache &#8211; T\u00e9l\u00e9thon : spectacle dansant et voitures anciennes"},"content":{"rendered":"\n<p>Article publi\u00e9 le 05\/12\/2014 \u2013 Cliquez \u00ab\u00a0<a href=\"https:\/\/www.ladepeche.fr\/article\/2014\/12\/05\/2005350-telethon-spectacle-dansant-et-voitures-anciennes.html\">ici<\/a>\u00a0\u00bb pour voir l\u2019article sur le site de La D\u00e9p\u00eache<\/p>\n\n\n\n<figure class=\"wp-block-image size-large\"><img loading=\"lazy\" decoding=\"async\" width=\"1024\" height=\"513\" src=\"http:\/\/latroop.fr\/wp-content\/uploads\/2024\/09\/Image-la-depeche-05122014-1024x513.png\" alt=\"\" class=\"wp-image-150\" srcset=\"https:\/\/latroop.fr\/wp-content\/uploads\/2024\/09\/Image-la-depeche-05122014-1024x513.png 1024w, https:\/\/latroop.fr\/wp-content\/uploads\/2024\/09\/Image-la-depeche-05122014-300x150.png 300w, https:\/\/latroop.fr\/wp-content\/uploads\/2024\/09\/Image-la-depeche-05122014-768x385.png 768w, https:\/\/latroop.fr\/wp-content\/uploads\/2024\/09\/Image-la-depeche-05122014-1536x770.png 1536w, https:\/\/latroop.fr\/wp-content\/uploads\/2024\/09\/Image-la-depeche-05122014-1080x540.png 1080w, https:\/\/latroop.fr\/wp-content\/uploads\/2024\/09\/Image-la-depeche-05122014-1140x571.png 1140w, https:\/\/latroop.fr\/wp-content\/uploads\/2024\/09\/Image-la-depeche-05122014.png 1704w\" sizes=\"auto, (max-width: 1024px) 100vw, 1024px\" \/><\/figure>\n\n\n\n<p>Samedi 6 d\u00e9cembre, \u00e0 20 heures, au Palais des congr\u00e8s, vous pouvez r\u00e9server votre place pour le d\u00eener spectacle dansant du T\u00e9l\u00e9thon. \u00c0 cette occasion, neuf chanteuses et chanteurs de la troupe Ch\u0153ur \u00e0 C\u0153ur animeront la soir\u00e9e sur les th\u00e8mes de musiques de films, com\u00e9dies musicales, chansons fran\u00e7aises et vari\u00e9t\u00e9s \u00e9trang\u00e8res. Un repas de thonade avec buffets (entr\u00e9e et dessert) sera \u00e9galement servi pour le prix de 12 \u20ac. Les r\u00e9servations se d\u00e9roulent de 15 heures \u00e0 17 heures dans le hall de la mairie jusqu&#8217;au 3 d\u00e9cembre inclus, selon les places disponibles. Attention : apporter couverts, verres et assiettes !<\/p>\n\n\n\n<p><strong>Voitures anciennes avec la MJC :\u00a0<\/strong>La MJC de Gruissan invite les propri\u00e9taires de voitures anciennes et \u00abyoungtimers\u00bb \u00e0 venir les exposer lors du T\u00e9l\u00e9thon 2014, le 6 d\u00e9cembre, sur le parvis du Palais des congr\u00e8s. Le public pourra se faire photographier avec ces v\u00e9hicules en garnissant une urne au profit du T\u00e9l\u00e9thon. Cette manifestation sera le pr\u00e9lude \u00e0 la cr\u00e9ation d&#8217;un club de passionn\u00e9s dont le ma\u00eetre mot sera la convivialit\u00e9. Le projet s&#8217;articule autour de r\u00e9unions mensuelles, de sorties conviviales et d&#8217;\u00e9changes de savoir et de bonnes pratiques. Aucune marque et aucune \u00e9poque ne sont cibl\u00e9es, il suffit que le v\u00e9hicule ait plus de 30 ans. Une r\u00e9union de mise en place est programm\u00e9e le mercredi 17 d\u00e9cembre, \u00e0 19 h 30, \u00e0 la MJC. Tous les passionn\u00e9s de m\u00e9canique classique sont les bienvenus. Pour participer au T\u00e9l\u00e9thon en exposant votre v\u00e9hicule, il suffit de r\u00e9server en t\u00e9l\u00e9phonant \u00e0 la MJC de Gruissan (t\u00e9l. 04 68 49 61 87) ou par mail \u00e0 mjc.gruissan@free.fr.<\/p>\n","protected":false},"excerpt":{"rendered":"<p>Article publi\u00e9 le 05\/12\/2014 \u2013 Cliquez \u00ab\u00a0ici\u00a0\u00bb pour voir l\u2019article sur le site de La D\u00e9p\u00eache Samedi 6 d\u00e9cembre, \u00e0 20 heures, au Palais des congr\u00e8s, vous pouvez r\u00e9server votre place pour le d\u00eener spectacle dansant du T\u00e9l\u00e9thon. \u00c0 cette occasion, neuf chanteuses et chanteurs de la troupe Ch\u0153ur \u00e0 C\u0153ur animeront la soir\u00e9e sur les th\u00e8mes de musiques de films, com\u00e9dies musicales, chansons fran\u00e7aises et vari\u00e9t\u00e9s \u00e9trang\u00e8res. Un repas de thonade avec buffets (entr\u00e9e et dessert) sera \u00e9galement servi pour le prix de 12 \u20ac. Les r\u00e9servations se d\u00e9roulent de 15 heures \u00e0 17 heures dans le hall de la mairie jusqu&#8217;au 3 d\u00e9cembre inclus, selon les places disponibles. Attention : apporter couverts, verres et assiettes ! Voitures anciennes avec la MJC :\u00a0La MJC de Gruissan invite les propri\u00e9taires de voitures anciennes et \u00abyoungtimers\u00bb \u00e0 venir les exposer lors du T\u00e9l\u00e9thon 2014, le 6 d\u00e9cembre, sur le parvis du Palais des congr\u00e8s. Le public pourra se faire photographier avec ces v\u00e9hicules en garnissant une urne au profit du T\u00e9l\u00e9thon. Cette manifestation sera le pr\u00e9lude \u00e0 la cr\u00e9ation d&#8217;un club de passionn\u00e9s dont le ma\u00eetre mot sera la convivialit\u00e9. Le projet s&#8217;articule autour de r\u00e9unions mensuelles, de sorties conviviales et d&#8217;\u00e9changes de savoir et de bonnes pratiques. Aucune marque et aucune \u00e9poque ne sont cibl\u00e9es, il suffit que le v\u00e9hicule ait plus de 30 ans. Une r\u00e9union de mise en place est programm\u00e9e le mercredi 17 d\u00e9cembre, \u00e0 19 h 30, \u00e0 la MJC. Tous les passionn\u00e9s de m\u00e9canique classique sont les bienvenus. Pour participer au T\u00e9l\u00e9thon en exposant votre v\u00e9hicule, il suffit de r\u00e9server en t\u00e9l\u00e9phonant \u00e0 la MJC de Gruissan (t\u00e9l. 04 68 49 61 87) ou par mail \u00e0 mjc.gruissan@free.fr.<\/p>\n","protected":false},"author":1,"featured_media":0,"comment_status":"open","ping_status":"open","sticky":false,"template":"","format":"standard","meta":{"footnotes":""},"categories":[5],"tags":[],"class_list":["post-149","post","type-post","status-publish","format-standard","hentry","category-revue-de-presse"],"_links":{"self":[{"href":"https:\/\/latroop.fr\/index.php\/wp-json\/wp\/v2\/posts\/149","targetHints":{"allow":["GET"]}}],"collection":[{"href":"https:\/\/latroop.fr\/index.php\/wp-json\/wp\/v2\/posts"}],"about":[{"href":"https:\/\/latroop.fr\/index.php\/wp-json\/wp\/v2\/types\/post"}],"author":[{"embeddable":true,"href":"https:\/\/latroop.fr\/index.php\/wp-json\/wp\/v2\/users\/1"}],"replies":[{"embeddable":true,"href":"https:\/\/latroop.fr\/index.php\/wp-json\/wp\/v2\/comments?post=149"}],"version-history":[{"count":1,"href":"https:\/\/latroop.fr\/index.php\/wp-json\/wp\/v2\/posts\/149\/revisions"}],"predecessor-version":[{"id":151,"href":"https:\/\/latroop.fr\/index.php\/wp-json\/wp\/v2\/posts\/149\/revisions\/151"}],"wp:attachment":[{"href":"https:\/\/latroop.fr\/index.php\/wp-json\/wp\/v2\/media?parent=149"}],"wp:term":[{"taxonomy":"category","embeddable":true,"href":"https:\/\/latroop.fr\/index.php\/wp-json\/wp\/v2\/categories?post=149"},{"taxonomy":"post_tag","embeddable":true,"href":"https:\/\/latroop.fr\/index.php\/wp-json\/wp\/v2\/tags?post=149"}],"curies":[{"name":"wp","href":"https:\/\/api.w.org\/{rel}","templated":true}]}}